{"id":9135,"date":"2025-04-29T16:26:33","date_gmt":"2025-04-29T15:26:33","guid":{"rendered":"https:\/\/qdraw.nl\/blog\/?p=9135"},"modified":"2025-04-29T17:32:05","modified_gmt":"2025-04-29T16:32:05","slug":"verdun-frankrijk-wat-je-moet-zien-in-2-dagen-2025","status":"publish","type":"post","link":"https:\/\/qdraw.nl\/blog\/europa\/verdun-frankrijk-wat-je-moet-zien-in-2-dagen-2025\/","title":{"rendered":"Verdun Frankrijk: Wat je moet zien in 2 dagen (2025)"},"content":{"rendered":"<p>Soms wil je even weg, niet voor de drukte of de zon, maar om ergens te zijn waar de geschiedenis tastbaar is. Waar je kunt dwalen, leren, proeven en stilstaan. Verdun is zo&#8217;n plek. Bekend van de Eerste Wereldoorlog, maar als stad zoveel meer dan alleen dat. In \u00e9\u00e9n weekend maakten we een wandeling door de tijd \u2013 van middeleeuwse poorten tot moderne kunst, van oorlogsgraf tot suikerfabriek.<\/p>\n<h2>Zaterdag in de stad<\/h2>\n<p>Op zaterdag bleven we binnen de stadsgrenzen en ontdekten we verschillende bijzondere plekken. Hieronder vertel ik je meer over wat we allemaal gezien hebben.<\/p>\n<h2>De poort naar het verleden<\/h2>\n<p>We begonnen ons weekend bij de Porte Chauss\u00e9e, een middeleeuwse stadspoort die vroeger de toegang tot Verdun bewaakte. Met torens, stenen boog en ligging aan het water is het alsof je zo een geschiedenisboek binnenstapt.<\/p>\n<h2>Herinneren en herdenken<\/h2>\n<p>Niet ver daarvandaan torent het Monument voor de overwinning en de soldaten van Verdun boven de stad uit. Het monument was in onderhoud maar het is vooral het panoramische uitzicht bovenaan dat blijft hangen. <\/p>\n<h2>Langs de Maas<\/h2>\n<p>De Quai de Londres verraste ons met z\u2019n levendigheid. Gezellige terrassen, flanerende mensen en het zachte klotsen van de rivier. Genoemd naar de Britse steun na WOI, maar vandaag een plek van ontspanning.<\/p>\n<h2>Een stad met karakter<\/h2>\n<p>Op de Place de Nation zagen we het dagelijks leven aan ons voorbijtrekken, fonteinen en verkeer dat kriskras het plein doorkruist. Een charmant en levendig stukje Verdun.<\/p>\n<h2>De ondergrondse Citadel<\/h2>\n<p>Een van de meest indrukwekkende ervaringen was het bezoek aan de Citadelle Souterraine de Verdun. Met een soort karretje rijd je door de ondergrondse gangen waar duizenden soldaten leefden, werkten en wachtten tijdens de Eerste Wereldoorlog. Via projecties, licht en geluid word je echt meegezogen in hun verhaal. Voor wie meer wil weten: ik schreef er een apart artikel over dat je hier kunt lezen: \ud83d\udc49 <a href=\"https:\/\/qdraw.nl\/blog\/europa\/citadelle-souterraine-de-verdun-ondergrondse-geschiedenis-2025\/\"> Lees meer over de ondergrondse Citadel van Verdun<\/a><\/p>\n<h2>Suiker met een verhaal<\/h2>\n<p>Bij Drag\u00e9es Braquier stapten we een wereld van zoetigheid binnen. Deze winkel, beroemd om zijn suikeramandelen, voelt als een snoepmuseum. Van oude machines tot eetbaar vuurwerk \u2013 en natuurlijk een doosje drag\u00e9es voor thuis. Al vond ik de snoepjes zelf niet zo lekker als ik eerlijk was.<\/p>\n<h2>Kunst en muziek achter elke deur<\/h2>\n<p>Tot onze verrassing was er een open dag bij de muziekschool en kunstacademie. We liepen zomaar binnen bij exposities, repetities en een kamer vol beeldhouwwerken. Een kijkje in het creatieve hart van de stad.<\/p>\n<h2>Tussen hemel en steen<\/h2>\n<p>De Cath\u00e9drale Notre-Dame de Verdun is een plek van rust. Romaanse fundamenten, gotische bogen en een prachtige kloostergang: hier ademt alles geschiedenis.<\/p>\n<h2>Gesloten, maar veelzeggend<\/h2>\n<p>Naast de kathedraal ligt het Centre Mondial de la Paix. Helaas gesloten, maar de buitenkant \u2013 een voormalig paleis \u2013 en het plein ervoor zegt genoeg. <\/p>\n<h2>Rijen witte kruisen<\/h2>\n<p>Tot slot bezochten we de militaire begraafplaats van Faubourg-Pav\u00e9. Rijen en rijen kruisen, elk met een naam. Stil, indrukwekkend, en een passend einde van de dag.<\/p>\n<h2>Een zondag buiten de stad<\/h2>\n<p>Rondom Verdun is de herinnering van de Eerste Wereldoorlog goed zichtbaar<\/p>\n<h2>Een vergeten naam, een bekend gevolg<\/h2>\n<p>Net buiten Verdun ligt het monument voor Andr\u00e9 Maginot, de man achter de beroemde verdedigingslinie. Minder bekend is dat hij ook frontsoldaat was in Verdun. Het monument staat rustig tussen de bomen, maar roept veel op.<\/p>\n<h2>Waar de stilte het hardst spreekt<\/h2>\n<p>Ons weekend eindigde bij het Ossuarium van Douaumont, zonder twijfel het meest aangrijpende moment van de reis. Hier rusten de resten van meer dan 130.000 onge\u00efdentificeerde soldaten. Buiten strekt de begraafplaats zich eindeloos uit.<\/p>\n<h2>Tot slot \u2013 Verdun laat je niet los<\/h2>\n<p>Verdun is een plek waar geschiedenis voelbaar is, maar waar ook het leven doorgaat. Waar je wordt stilgezet, maar ook geraakt door creativiteit, smaak en warmte. In \u00e9\u00e9n weekend zagen we zoveel gezichten van \u00e9\u00e9n stad: militair en menselijk, zwaar en licht, oud en jong.<\/p>\n<p><a href=\"https:\/\/media.qdraw.nl\/log\/verdun-frankrijk-wat-je-moet-zien-in-2-dagen-2025\/1000\/20250425_201909_dsc08527_e_kl1k.jpg\" class=\"lightbox[blog]\"\n       title=\"Verdun Frankrijk: Wat je moet zien in 2 dagen (2025) - Porte Chauss&#xE9;e | foto 1\"\n       data-gps=\"49.161853,5.387908\" data-heightratio=\"0.667\"><br \/>\n        <noscript><img decoding=\"async\" src=\"https:\/\/media.qdraw.nl\/log\/verdun-frankrijk-wat-je-moet-zien-in-2-dagen-2025\/500\/20250425_201909_dsc08527_e_kl.jpg\" alt=\"Porte Chauss&#xE9;e\" \/><\/noscript><br \/>\n\t\t<img decoding=\"async\" src=\"data:image\/png;base64,iVBORw0KGgoAAAANSUhEUgAAAAQAAAADCAIAAAA7ljmRAAAAMUlEQVR4AWOZtfKYlDgn07\/vkpJSLL&#x2B;\/Pfx6\/y0TC&#x2B;sbdlaWfRsni\/Oyaatp3L93CwBFpRBlIowHhQAAAABJRU5ErkJggg==\" title=\"Porte Chauss&#xE9;e | foto 1\" \n\t\t     alt=\"Verdun Frankrijk: Wat je moet zien in 2 dagen (2025) ; Porte Chauss&#xE9;e ; stad, Verdun, Porte Chauss&#xE9;e, Maas, Meuse\" \/><br \/>\n    <\/a><br \/>\n<a href=\"https:\/\/media.qdraw.nl\/log\/verdun-frankrijk-wat-je-moet-zien-in-2-dagen-2025\/1000\/20250425_202035_dsc08540_e_kl1k.jpg\" class=\"lightbox[blog]\"\n       title=\"Verdun Frankrijk: Wat je moet zien in 2 dagen (2025) - Maas | foto 2\"\n       data-gps=\"49.161975,5.387231\" data-heightratio=\"0.667\"><br \/>\n        <noscript><img decoding=\"async\" src=\"https:\/\/media.qdraw.nl\/log\/verdun-frankrijk-wat-je-moet-zien-in-2-dagen-2025\/500\/20250425_202035_dsc08540_e_kl.jpg\" alt=\"Maas\" \/><\/noscript><br \/>\n\t\t<img decoding=\"async\" src=\"data:image\/png;base64,iVBORw0KGgoAAAANSUhEUgAAAAQAAAADCAIAAAA7ljmRAAAAMUlEQVR4AWMp6VnBxMjAxsL8\/Q8Dy&#x2B;&#x2B;bC1g4mP7z8P\/8&#x2B;IblwbPbkuz8X9g\/vPnxDgAheBG3Sw9YLwAAAABJRU5ErkJggg==\" title=\"Maas | foto 2\" \n\t\t     alt=\"Verdun Frankrijk: Wat je moet zien in 2 dagen (2025) ; Maas ; stad, Verdun, Maas, Meuse\" \/><br \/>\n    <\/a><br \/>\n<a href=\"https:\/\/media.qdraw.nl\/log\/verdun-frankrijk-wat-je-moet-zien-in-2-dagen-2025\/1000\/20250425_202052_dsc08543_e_kl1k.jpg\" class=\"lightbox[blog]\"\n       title=\"Verdun Frankrijk: Wat je moet zien in 2 dagen (2025) - Le Cercle du Mess | foto 3\"\n       data-gps=\"49.161961,5.386969\" data-heightratio=\"0.667\"><br \/>\n        <noscript><img decoding=\"async\" src=\"https:\/\/media.qdraw.nl\/log\/verdun-frankrijk-wat-je-moet-zien-in-2-dagen-2025\/500\/20250425_202052_dsc08543_e_kl.jpg\" alt=\"Le Cercle du Mess\" \/><\/noscript><br \/>\n\t\t<img decoding=\"async\" src=\"data:image\/png;base64,iVBORw0KGgoAAAANSUhEUgAAAAQAAAADCAIAAAA7ljmRAAAAMklEQVR4AWNJn3js27cfv37\/ZeXkZhH6dVycjfHjtzfCwrIsf96c&#x2B;P&#x2B;fkePfr38v7wIAo5oWNDzkKjgAAAAASUVORK5CYII=\" title=\"Le Cercle du Mess | foto 3\" \n\t\t     alt=\"Verdun Frankrijk: Wat je moet zien in 2 dagen (2025) ; Le Cercle du Mess ; stad, Verdun, Maas, Meuse, Le Cercle du Mess\" \/><br \/>\n    <\/a><br \/>\n<a href=\"https:\/\/media.qdraw.nl\/log\/verdun-frankrijk-wat-je-moet-zien-in-2-dagen-2025\/1000\/20250425_202526_dsc08554_e_kl1k.jpg\" class=\"lightbox[blog]\"\n       title=\"Verdun Frankrijk: Wat je moet zien in 2 dagen (2025) - Monument voor de overwinning en de soldaten van Verdun | foto 4\"\n       data-gps=\"49.161383,5.386433\" data-heightratio=\"0.667\"><br \/>\n        <noscript><img decoding=\"async\" src=\"https:\/\/media.qdraw.nl\/log\/verdun-frankrijk-wat-je-moet-zien-in-2-dagen-2025\/500\/20250425_202526_dsc08554_e_kl.jpg\" alt=\"Monument voor de overwinning en de soldaten van Verdun\" \/><\/noscript><br \/>\n\t\t<img decoding=\"async\" src=\"data:image\/png;base64,iVBORw0KGgoAAAANSUhEUgAAAAQAAAADCAIAAAA7ljmRAAAAMElEQVR4AWNR9eqX5PmmKMv\/7T8Pi4G&#x2B;rALXGzF&#x2B;9vd\/hVg8pC&#x2B;wMjNxsHN&#x2B;uHYIAOMbDA3D0L6hAAAAAElFTkSuQmCC\" title=\"Monument voor de overwinning en de soldaten van Verdun | foto 4\" \n\t\t     alt=\"Verdun Frankrijk: Wat je moet zien in 2 dagen (2025) ; Monument voor de overwinning en de soldaten van Verdun ; stad, Verdun, Monument voor de overwinning en de soldaten van Verdun, Quai de Londres\" \/><br \/>\n    <\/a><br \/>\n<a href=\"https:\/\/media.qdraw.nl\/log\/verdun-frankrijk-wat-je-moet-zien-in-2-dagen-2025\/1000\/20250425_202602_dsc08563_e_kl1k.jpg\" class=\"lightbox[blog]\"\n       title=\"Verdun Frankrijk: Wat je moet zien in 2 dagen (2025) - Quai de Londres | foto 5\"\n       data-gps=\"49.161236,5.386258\" data-heightratio=\"0.667\"><br \/>\n        <noscript><img decoding=\"async\" src=\"https:\/\/media.qdraw.nl\/log\/verdun-frankrijk-wat-je-moet-zien-in-2-dagen-2025\/500\/20250425_202602_dsc08563_e_kl.jpg\" alt=\"Quai de Londres\" \/><\/noscript><br \/>\n\t\t<img decoding=\"async\" src=\"data:image\/png;base64,iVBORw0KGgoAAAANSUhEUgAAAAQAAAADCAIAAAA7ljmRAAAAL0lEQVR4AWOp6l3LxfzzLzOfvDQ\/i7LwNxYmBk4RIV4eFpZTZ3uYmVkF&#x2B;RSlxU0AxoIIcLVs23wAAAAASUVORK5CYII=\" title=\"Quai de Londres | foto 5\" \n\t\t     alt=\"Verdun Frankrijk: Wat je moet zien in 2 dagen (2025) ; Quai de Londres ; stad, Verdun, Quai de Londres\" \/><br \/>\n    <\/a><br \/>\n<a href=\"https:\/\/media.qdraw.nl\/log\/verdun-frankrijk-wat-je-moet-zien-in-2-dagen-2025\/1000\/20250425_233416_dsc08574_e_kl1k.jpg\" class=\"lightbox[blog]\"\n       title=\"Verdun Frankrijk: Wat je moet zien in 2 dagen (2025) - Place de Nation Verdun | foto 6\"\n       data-gps=\"49.161997,5.387833\" data-heightratio=\"0.667\"><br \/>\n        <noscript><img decoding=\"async\" src=\"https:\/\/media.qdraw.nl\/log\/verdun-frankrijk-wat-je-moet-zien-in-2-dagen-2025\/500\/20250425_233416_dsc08574_e_kl.jpg\" alt=\"Place de Nation Verdun\" \/><\/noscript><br \/>\n\t\t<img decoding=\"async\" src=\"data:image\/png;base64,iVBORw0KGgoAAAANSUhEUgAAAAQAAAADCAIAAAA7ljmRAAAAMUlEQVR4AWO5&#x2B;fAlDxfr&#x2B;69\/n73\/xjJ1WvmzJx9k5aQ4OZlZ3r7b9f8f0&#x2B;vnHMzMXACtcBO7USkLHAAAAABJRU5ErkJggg==\" title=\"Place de Nation Verdun | foto 6\" \n\t\t     alt=\"Verdun Frankrijk: Wat je moet zien in 2 dagen (2025) ; Place de Nation Verdun ; stad, Verdun, Place de Nation Verdun\" \/><br \/>\n    <\/a><br \/>\n<a href=\"https:\/\/media.qdraw.nl\/log\/verdun-frankrijk-wat-je-moet-zien-in-2-dagen-2025\/1000\/20250426_112243_dsc08591_e_kl1k.jpg\" class=\"lightbox[blog]\"\n       title=\"Verdun Frankrijk: Wat je moet zien in 2 dagen (2025) - (Stad) Citadelle Souterraine De Verdun | foto 7\"\n       data-gps=\"49.159203,5.376853\" data-heightratio=\"0.667\"><br \/>\n        <noscript><img decoding=\"async\" src=\"https:\/\/media.qdraw.nl\/log\/verdun-frankrijk-wat-je-moet-zien-in-2-dagen-2025\/500\/20250426_112243_dsc08591_e_kl.jpg\" alt=\"(Stad) Citadelle Souterraine De Verdun\" \/><\/noscript><br \/>\n\t\t<img decoding=\"async\" src=\"data:image\/png;base64,iVBORw0KGgoAAAANSUhEUgAAAAQAAAADCAIAAAA7ljmRAAAAMElEQVR4AWM5e\/UeJyebsAAfLzcny87ti0VFpHj5&#x2B;P4zMrNcvLro3w9mVibOf0z\/AeNKDMl5Cr9qAAAAAElFTkSuQmCC\" title=\"(Stad) Citadelle Souterraine De Verdun | foto 7\" \n\t\t     alt=\"Verdun Frankrijk: Wat je moet zien in 2 dagen (2025) ; (Stad) Citadelle Souterraine De Verdun ; Citadelle Souterraine De Verdun, stad, Verdun\" \/><br \/>\n    <\/a><br \/>\n<a href=\"https:\/\/media.qdraw.nl\/log\/verdun-frankrijk-wat-je-moet-zien-in-2-dagen-2025\/1000\/20250426_132204_dsc08650_e_kl1k.jpg\" class=\"lightbox[blog]\"\n       title=\"Verdun Frankrijk: Wat je moet zien in 2 dagen (2025) - Monument voor de Overwinning bij Verdun | foto 8\"\n       data-gps=\"49.161733,5.384761\" data-heightratio=\"0.667\"><br \/>\n        <noscript><img decoding=\"async\" src=\"https:\/\/media.qdraw.nl\/log\/verdun-frankrijk-wat-je-moet-zien-in-2-dagen-2025\/500\/20250426_132204_dsc08650_e_kl.jpg\" alt=\"Monument voor de Overwinning bij Verdun\" \/><\/noscript><br \/>\n\t\t<img decoding=\"async\" src=\"data:image\/png;base64,iVBORw0KGgoAAAANSUhEUgAAAAQAAAADCAIAAAA7ljmRAAAAMUlEQVR4AWPpXn\/n1aNbrBxcDHyyLJ8eH5L79&#x2B;bt03cvX7CwPLw&#x2B;\/T0fPwcbC\/effwCMNxOx57qaTgAAAABJRU5ErkJggg==\" title=\"Monument voor de Overwinning bij Verdun | foto 8\" \n\t\t     alt=\"Verdun Frankrijk: Wat je moet zien in 2 dagen (2025) ; Monument voor de Overwinning bij Verdun ; Monument voor de Overwinning bij Verdun, stad, Verdun\" \/><br \/>\n    <\/a><br \/>\n<a href=\"https:\/\/media.qdraw.nl\/log\/verdun-frankrijk-wat-je-moet-zien-in-2-dagen-2025\/1000\/20250426_132316_dsc08656_e_kl1k.jpg\" class=\"lightbox[blog]\"\n       title=\"Verdun Frankrijk: Wat je moet zien in 2 dagen (2025) - Monument voor de Overwinning bij Verdun | foto 9\"\n       data-gps=\"49.161222,5.384317\" data-heightratio=\"0.667\"><br \/>\n        <noscript><img decoding=\"async\" src=\"https:\/\/media.qdraw.nl\/log\/verdun-frankrijk-wat-je-moet-zien-in-2-dagen-2025\/500\/20250426_132316_dsc08656_e_kl.jpg\" alt=\"Monument voor de Overwinning bij Verdun\" \/><\/noscript><br \/>\n\t\t<img decoding=\"async\" src=\"data:image\/png;base64,iVBORw0KGgoAAAANSUhEUgAAAAQAAAADCAIAAAA7ljmRAAAAMUlEQVR4AWO5fPPyn&#x2B;&#x2B;\/Hjx9\/OEPC0t\/dyrDT\/Fnr18y8XxmeXGflYnxLcMfhl&#x2B;\/OAHpUxYQocSqqQAAAABJRU5ErkJggg==\" title=\"Monument voor de Overwinning bij Verdun | foto 9\" \n\t\t     alt=\"Verdun Frankrijk: Wat je moet zien in 2 dagen (2025) ; Monument voor de Overwinning bij Verdun ; Verdun, Monument voor de Overwinning bij Verdun, stad\" \/><br \/>\n    <\/a><br \/>\n<a href=\"https:\/\/media.qdraw.nl\/log\/verdun-frankrijk-wat-je-moet-zien-in-2-dagen-2025\/1000\/20250426_132408_dsc08661_e_kl1k.jpg\" class=\"lightbox[blog]\"\n       title=\"Verdun Frankrijk: Wat je moet zien in 2 dagen (2025) - Av. de la Victoire | foto 10\"\n       data-gps=\"49.161158,5.383978\" data-heightratio=\"0.667\"><br \/>\n        <noscript><img decoding=\"async\" src=\"https:\/\/media.qdraw.nl\/log\/verdun-frankrijk-wat-je-moet-zien-in-2-dagen-2025\/500\/20250426_132408_dsc08661_e_kl.jpg\" alt=\"Av. de la Victoire\" \/><\/noscript><br \/>\n\t\t<img decoding=\"async\" src=\"data:image\/png;base64,iVBORw0KGgoAAAANSUhEUgAAAAQAAAADCAIAAAA7ljmRAAAAMklEQVR4AWN5\/uH3798\/fv38&#x2B;eDNN5Yli1uFBeV&#x2B;\/Ph25sJBljMn5oqJqLIwM\/My\/QYAGW8WYPwyaycAAAAASUVORK5CYII=\" title=\"Av. de la Victoire | foto 10\" \n\t\t     alt=\"Verdun Frankrijk: Wat je moet zien in 2 dagen (2025) ; Av. de la Victoire ; Av. de la Victoire, Verdun, Monument voor de Overwinning bij Verdun, stad\" \/><br \/>\n    <\/a><br \/>\n<a href=\"https:\/\/media.qdraw.nl\/log\/verdun-frankrijk-wat-je-moet-zien-in-2-dagen-2025\/1000\/20250426_151411_dsc08671_e_kl1k.jpg\" class=\"lightbox[blog]\"\n       title=\"Verdun Frankrijk: Wat je moet zien in 2 dagen (2025) - Dragees Braquier | foto 11\"\n       data-gps=\"49.159633,5.384214\" data-heightratio=\"0.667\"><br \/>\n        <noscript><img decoding=\"async\" src=\"https:\/\/media.qdraw.nl\/log\/verdun-frankrijk-wat-je-moet-zien-in-2-dagen-2025\/500\/20250426_151411_dsc08671_e_kl.jpg\" alt=\"Dragees Braquier\" \/><\/noscript><br \/>\n\t\t<img decoding=\"async\" src=\"data:image\/png;base64,iVBORw0KGgoAAAANSUhEUgAAAAQAAAADCAIAAAA7ljmRAAAAMklEQVR4AWO59ez9fwamLx\/f37lznmXW1Bx&#x2B;LtGff\/&#x2B;8evGA5fLNQ\/8Z\/yjwyLKzSAEA2okVXXeE8L4AAAAASUVORK5CYII=\" title=\"Dragees Braquier | foto 11\" \n\t\t     alt=\"Verdun Frankrijk: Wat je moet zien in 2 dagen (2025) ; Dragees Braquier ; winkeltje, Verdun, stad, Dragees Braquier\" \/><br \/>\n    <\/a><br \/>\n<a href=\"https:\/\/media.qdraw.nl\/log\/verdun-frankrijk-wat-je-moet-zien-in-2-dagen-2025\/1000\/20250426_152111_dsc08674_e_kl1k.jpg\" class=\"lightbox[blog]\"\n       title=\"Verdun Frankrijk: Wat je moet zien in 2 dagen (2025) - Les Petits Degres Verdun | foto 12\"\n       data-gps=\"49.160278,5.383967\" data-heightratio=\"0.667\"><br \/>\n        <noscript><img decoding=\"async\" src=\"https:\/\/media.qdraw.nl\/log\/verdun-frankrijk-wat-je-moet-zien-in-2-dagen-2025\/500\/20250426_152111_dsc08674_e_kl.jpg\" alt=\"Les Petits Degres Verdun\" \/><\/noscript><br \/>\n\t\t<img decoding=\"async\" src=\"data:image\/png;base64,iVBORw0KGgoAAAANSUhEUgAAAAQAAAADCAIAAAA7ljmRAAAAMklEQVR4AWM5d\/MpKyvr3z&#x2B;\/fvz8zbJry5yPH78y\/Gf4zfCd5erJ7T&#x2B;&#x2B;\/2FiZGBk&#x2B;w8A3NMWoo69IMsAAAAASUVORK5CYII=\" title=\"Les Petits Degres Verdun | foto 12\" \n\t\t     alt=\"Verdun Frankrijk: Wat je moet zien in 2 dagen (2025) ; Les Petits Degres Verdun ; Verdun, stad, Les Petits Degres Verdun\" \/><br \/>\n    <\/a><br \/>\n<a href=\"https:\/\/media.qdraw.nl\/log\/verdun-frankrijk-wat-je-moet-zien-in-2-dagen-2025\/1000\/20250426_152625_dsc08678_e_kl1k.jpg\" class=\"lightbox[blog]\"\n       title=\"Verdun Frankrijk: Wat je moet zien in 2 dagen (2025) - Cath&#xE9;drale Notre-Dame de Verdun | foto 13\"\n       data-gps=\"49.160014,5.382797\" data-heightratio=\"0.667\"><br \/>\n        <noscript><img decoding=\"async\" src=\"https:\/\/media.qdraw.nl\/log\/verdun-frankrijk-wat-je-moet-zien-in-2-dagen-2025\/500\/20250426_152625_dsc08678_e_kl.jpg\" alt=\"Cath&#xE9;drale Notre-Dame de Verdun\" \/><\/noscript><br \/>\n\t\t<img decoding=\"async\" src=\"data:image\/png;base64,iVBORw0KGgoAAAANSUhEUgAAAAQAAAADCAIAAAA7ljmRAAAAMUlEQVR4AWPZu2e3tKzsp1&#x2B;MgjxcLHXFedqaqrKK8s9fvWB5&#x2B;e4Nz2suNiGet1\/eAgAmJhBOuC01XwAAAABJRU5ErkJggg==\" title=\"Cath&#xE9;drale Notre-Dame de Verdun | foto 13\" \n\t\t     alt=\"Verdun Frankrijk: Wat je moet zien in 2 dagen (2025) ; Cath&#xE9;drale Notre-Dame de Verdun ; Verdun, stad, Cathedrale Notre Dame, Cath&#xE9;drale Notre-Dame de Verdun, kerk\" \/><br \/>\n    <\/a><br \/>\n<a href=\"https:\/\/media.qdraw.nl\/log\/verdun-frankrijk-wat-je-moet-zien-in-2-dagen-2025\/1000\/20250426_152908_dsc08683_e_kl1k.jpg\" class=\"lightbox[blog]\"\n       title=\"Verdun Frankrijk: Wat je moet zien in 2 dagen (2025) - Rue de la Belle Vierge | foto 14\"\n       data-gps=\"49.159972,5.382914\" data-heightratio=\"0.667\"><br \/>\n        <noscript><img decoding=\"async\" src=\"https:\/\/media.qdraw.nl\/log\/verdun-frankrijk-wat-je-moet-zien-in-2-dagen-2025\/500\/20250426_152908_dsc08683_e_kl.jpg\" alt=\"Rue de la Belle Vierge\" \/><\/noscript><br \/>\n\t\t<img decoding=\"async\" src=\"data:image\/png;base64,iVBORw0KGgoAAAANSUhEUgAAAAQAAAADCAIAAAA7ljmRAAAAMUlEQVR4AWO5dPcpOxsbN8t\/Fg5uls3r5v\/9\/ffujcss7Cwsz99\/4uLi4RIV4eEVAABC9w6pikqjFAAAAABJRU5ErkJggg==\" title=\"Rue de la Belle Vierge | foto 14\" \n\t\t     alt=\"Verdun Frankrijk: Wat je moet zien in 2 dagen (2025) ; Rue de la Belle Vierge ; Verdun, stad, Rue de la Belle Vierge, kunst\" \/><br \/>\n    <\/a><br \/>\n<a href=\"https:\/\/media.qdraw.nl\/log\/verdun-frankrijk-wat-je-moet-zien-in-2-dagen-2025\/1000\/20250426_152926_dsc08685_e_kl1k.jpg\" class=\"lightbox[blog]\"\n       title=\"Verdun Frankrijk: Wat je moet zien in 2 dagen (2025) - Muziek spelen | foto 15\"\n       data-gps=\"49.160075,5.382919\" data-heightratio=\"0.667\"><br \/>\n        <noscript><img decoding=\"async\" src=\"https:\/\/media.qdraw.nl\/log\/verdun-frankrijk-wat-je-moet-zien-in-2-dagen-2025\/500\/20250426_152926_dsc08685_e_kl.jpg\" alt=\"Muziek spelen\" \/><\/noscript><br \/>\n\t\t<img decoding=\"async\" src=\"data:image\/png;base64,iVBORw0KGgoAAAANSUhEUgAAAAQAAAADCAIAAAA7ljmRAAAAMUlEQVR4AWMpKi&#x2B;3dPL\/&#x2B;OnHyxuHWaR5\/9&#x2B;6eOTj09sSQpwsn779eHz9JB8ny8PvXwCphhZa&#x2B;FktNAAAAABJRU5ErkJggg==\" title=\"Muziek spelen | foto 15\" \n\t\t     alt=\"Verdun Frankrijk: Wat je moet zien in 2 dagen (2025) ; Muziek spelen ; muziek, stad, verdun\" \/><br \/>\n    <\/a><br \/>\n<a href=\"https:\/\/media.qdraw.nl\/log\/verdun-frankrijk-wat-je-moet-zien-in-2-dagen-2025\/1000\/20250426_153341_dsc08695_e_kl1k.jpg\" class=\"lightbox[blog]\"\n       title=\"Verdun Frankrijk: Wat je moet zien in 2 dagen (2025) - Immeuble Noguez Verdun | foto 16\"\n       data-gps=\"49.159867,5.382694\" data-heightratio=\"0.667\"><br \/>\n        <noscript><img decoding=\"async\" src=\"https:\/\/media.qdraw.nl\/log\/verdun-frankrijk-wat-je-moet-zien-in-2-dagen-2025\/500\/20250426_153341_dsc08695_e_kl.jpg\" alt=\"Immeuble Noguez Verdun\" \/><\/noscript><br \/>\n\t\t<img decoding=\"async\" src=\"data:image\/png;base64,iVBORw0KGgoAAAANSUhEUgAAAAQAAAADCAIAAAA7ljmRAAAAMElEQVR4AWNpbGry8\/UTEJWYO6mV5fTR\/Yd2bjSzNP329RcLCxMDFwf7vetXZRQUATpND3bB2SNwAAAAAElFTkSuQmCC\" title=\"Immeuble Noguez Verdun | foto 16\" \n\t\t     alt=\"Verdun Frankrijk: Wat je moet zien in 2 dagen (2025) ; Immeuble Noguez Verdun ; Verdun, stad, Immeuble Noguez Verdun, boog\" \/><br \/>\n    <\/a><br \/>\n<a href=\"https:\/\/media.qdraw.nl\/log\/verdun-frankrijk-wat-je-moet-zien-in-2-dagen-2025\/1000\/20250426_154255_dsc08727_e_kl1k.jpg\" class=\"lightbox[blog]\"\n       title=\"Verdun Frankrijk: Wat je moet zien in 2 dagen (2025) - Cath&#xE9;drale Notre-Dame de Verdun | foto 17\"\n       data-gps=\"49.159461,5.382372\" data-heightratio=\"0.667\"><br \/>\n        <noscript><img decoding=\"async\" src=\"https:\/\/media.qdraw.nl\/log\/verdun-frankrijk-wat-je-moet-zien-in-2-dagen-2025\/500\/20250426_154255_dsc08727_e_kl.jpg\" alt=\"Cath&#xE9;drale Notre-Dame de Verdun\" \/><\/noscript><br \/>\n\t\t<img decoding=\"async\" src=\"data:image\/png;base64,iVBORw0KGgoAAAANSUhEUgAAAAQAAAADCAIAAAA7ljmRAAAAMklEQVR4AWO59PDLxYuXfr5\/4OHlxXLrysmfr&#x2B;4&#x2B;uX87Z8dalsNb5jMxcfxm5nj\/8gUAB4QYWprgAuIAAAAASUVORK5CYII=\" title=\"Cath&#xE9;drale Notre-Dame de Verdun | foto 17\" \n\t\t     alt=\"Verdun Frankrijk: Wat je moet zien in 2 dagen (2025) ; Cath&#xE9;drale Notre-Dame de Verdun ; Verdun, stad, Cathedrale Notre Dame, Cath&#xE9;drale Notre-Dame de Verdun, kerk\" \/><br \/>\n    <\/a><br \/>\n<a href=\"https:\/\/media.qdraw.nl\/log\/verdun-frankrijk-wat-je-moet-zien-in-2-dagen-2025\/1000\/20250426_154536_dsc08734_e_kl1k.jpg\" class=\"lightbox[blog]\"\n       title=\"Verdun Frankrijk: Wat je moet zien in 2 dagen (2025) - Cath&#xE9;drale Notre-Dame de Verdun | foto 18\"\n       data-gps=\"49.159447,5.382375\" data-heightratio=\"0.667\"><br \/>\n        <noscript><img decoding=\"async\" src=\"https:\/\/media.qdraw.nl\/log\/verdun-frankrijk-wat-je-moet-zien-in-2-dagen-2025\/500\/20250426_154536_dsc08734_e_kl.jpg\" alt=\"Cath&#xE9;drale Notre-Dame de Verdun\" \/><\/noscript><br \/>\n\t\t<img decoding=\"async\" src=\"data:image\/png;base64,iVBORw0KGgoAAAANSUhEUgAAAAQAAAADCAIAAAA7ljmRAAAAMklEQVR4AWO5ev\/togNvnbQ4Pj48wbJy4XQxOd03Dxke3LrB8vjupU9vn91nYP755S0AwpoXvw\/FmDQAAAAASUVORK5CYII=\" title=\"Cath&#xE9;drale Notre-Dame de Verdun | foto 18\" \n\t\t     alt=\"Verdun Frankrijk: Wat je moet zien in 2 dagen (2025) ; Cath&#xE9;drale Notre-Dame de Verdun ; Verdun, stad, Cathedrale Notre Dame, Cath&#xE9;drale Notre-Dame de Verdun, kerk\" \/><br \/>\n    <\/a><br \/>\n<a href=\"https:\/\/media.qdraw.nl\/log\/verdun-frankrijk-wat-je-moet-zien-in-2-dagen-2025\/1000\/20250426_154809_dsc08745_e_kl1k.jpg\" class=\"lightbox[blog]\"\n       title=\"Verdun Frankrijk: Wat je moet zien in 2 dagen (2025) - Cath&#xE9;drale Notre-Dame de Verdun | foto 19\"\n       data-gps=\"49.159411,5.382422\" data-heightratio=\"0.667\"><br \/>\n        <noscript><img decoding=\"async\" src=\"https:\/\/media.qdraw.nl\/log\/verdun-frankrijk-wat-je-moet-zien-in-2-dagen-2025\/500\/20250426_154809_dsc08745_e_kl.jpg\" alt=\"Cath&#xE9;drale Notre-Dame de Verdun\" \/><\/noscript><br \/>\n\t\t<img decoding=\"async\" src=\"data:image\/png;base64,iVBORw0KGgoAAAANSUhEUgAAAAQAAAADCAIAAAA7ljmRAAAAMUlEQVR4AWPZfP4lIxv311\/\/n714y7JrbvNfZg42Vhbmv19ZeDn\/cbL9YWD8z8nOBQB7fxBSZhArbQAAAABJRU5ErkJggg==\" title=\"Cath&#xE9;drale Notre-Dame de Verdun | foto 19\" \n\t\t     alt=\"Verdun Frankrijk: Wat je moet zien in 2 dagen (2025) ; Cath&#xE9;drale Notre-Dame de Verdun ; Verdun, stad, Cathedrale Notre Dame, Cath&#xE9;drale Notre-Dame de Verdun, kerk\" \/><br \/>\n    <\/a><br \/>\n<a href=\"https:\/\/media.qdraw.nl\/log\/verdun-frankrijk-wat-je-moet-zien-in-2-dagen-2025\/1000\/20250426_155354_dsc08751_e_kl1k.jpg\" class=\"lightbox[blog]\"\n       title=\"Verdun Frankrijk: Wat je moet zien in 2 dagen (2025) - Centre Mondial de la Paix (Verdun) | foto 20\"\n       data-gps=\"49.159258,5.382358\" data-heightratio=\"0.667\"><br \/>\n        <noscript><img decoding=\"async\" src=\"https:\/\/media.qdraw.nl\/log\/verdun-frankrijk-wat-je-moet-zien-in-2-dagen-2025\/500\/20250426_155354_dsc08751_e_kl.jpg\" alt=\"Centre Mondial de la Paix (Verdun)\" \/><\/noscript><br \/>\n\t\t<img decoding=\"async\" src=\"data:image\/png;base64,iVBORw0KGgoAAAANSUhEUgAAAAQAAAADCAIAAAA7ljmRAAAAMklEQVR4AWOZNaX3&#x2B;\/09nz5&#x2B;Y5MyZ\/n699\/lJ\/9YfjLKCH9nOX38xK9PjCz\/mS9fvQYA0HQXHkNRPzwAAAAASUVORK5CYII=\" title=\"Centre Mondial de la Paix (Verdun) | foto 20\" \n\t\t     alt=\"Verdun Frankrijk: Wat je moet zien in 2 dagen (2025) ; Centre Mondial de la Paix (Verdun) ; Verdun, stad, Centre Mondial de la Paix (Verdun), Centre Mondial de la Paix, des Libert&#xE9;s et des Droits de l&#x27;Homme\" \/><br \/>\n    <\/a><br \/>\n<a href=\"https:\/\/media.qdraw.nl\/log\/verdun-frankrijk-wat-je-moet-zien-in-2-dagen-2025\/1000\/20250426_155617_dsc08772-97_pano_e_kl1k.jpg\" class=\"lightbox[blog]\"\n       title=\"Verdun Frankrijk: Wat je moet zien in 2 dagen (2025) - Cath&#xE9;drale Notre-Dame de Verdun | foto 21\"\n       data-gps=\"49.159258,5.382358\" data-heightratio=\"0.667\"><br \/>\n        <noscript><img decoding=\"async\" src=\"https:\/\/media.qdraw.nl\/log\/verdun-frankrijk-wat-je-moet-zien-in-2-dagen-2025\/500\/20250426_155617_dsc08772-97_pano_e_kl.jpg\" alt=\"Cath&#xE9;drale Notre-Dame de Verdun\" \/><\/noscript><br \/>\n\t\t<img decoding=\"async\" src=\"data:image\/png;base64,iVBORw0KGgoAAAANSUhEUgAAAAQAAAADCAIAAAA7ljmRAAAAMUlEQVR4AWOx1g\/&#x2B;\/vwQGysnA7sQi7Gc8Gs5F\/Yfn8WY\/7NcubOLV1Dg&#x2B;dvXN\/\/&#x2B;BwABjhB&#x2B;AkwQiAAAAABJRU5ErkJggg==\" title=\"Cath&#xE9;drale Notre-Dame de Verdun | foto 21\" \n\t\t     alt=\"Verdun Frankrijk: Wat je moet zien in 2 dagen (2025) ; Cath&#xE9;drale Notre-Dame de Verdun ; Verdun, stad, Cathedrale Notre Dame, Cath&#xE9;drale Notre-Dame de Verdun, kerk\" \/><br \/>\n    <\/a><br \/>\n<a href=\"https:\/\/media.qdraw.nl\/log\/verdun-frankrijk-wat-je-moet-zien-in-2-dagen-2025\/1000\/20250426_155930_dsc08784_e_kl1k.jpg\" class=\"lightbox[blog]\"\n       title=\"Verdun Frankrijk: Wat je moet zien in 2 dagen (2025) - Cath&#xE9;drale Notre-Dame de Verdun | foto 22\"\n       data-gps=\"49.15995,5.379597\" data-heightratio=\"0.667\"><br \/>\n        <noscript><img decoding=\"async\" src=\"https:\/\/media.qdraw.nl\/log\/verdun-frankrijk-wat-je-moet-zien-in-2-dagen-2025\/500\/20250426_155930_dsc08784_e_kl.jpg\" alt=\"Cath&#xE9;drale Notre-Dame de Verdun\" \/><\/noscript><br \/>\n\t\t<img decoding=\"async\" src=\"data:image\/png;base64,iVBORw0KGgoAAAANSUhEUgAAAAQAAAADCAIAAAA7ljmRAAAAMUlEQVR4AWOxN5D8&#x2B;fOfpIbNr08vWBhZmZiZuVQ0jd69vMXCxMLM9PPXs0u7v7OyAgApJA&#x2B;QZ7sZeAAAAABJRU5ErkJggg==\" title=\"Cath&#xE9;drale Notre-Dame de Verdun | foto 22\" \n\t\t     alt=\"Verdun Frankrijk: Wat je moet zien in 2 dagen (2025) ; Cath&#xE9;drale Notre-Dame de Verdun ; Verdun, stad, Cathedrale Notre Dame, Cath&#xE9;drale Notre-Dame de Verdun, kerk\" \/><br \/>\n    <\/a><br \/>\n<a href=\"https:\/\/media.qdraw.nl\/log\/verdun-frankrijk-wat-je-moet-zien-in-2-dagen-2025\/1000\/20250426_160115_dsc08790_e_kl1k.jpg\" class=\"lightbox[blog]\"\n       title=\"Verdun Frankrijk: Wat je moet zien in 2 dagen (2025) - Rue des Hauts Fins | foto 23\"\n       data-gps=\"49.15995,5.379597\" data-heightratio=\"0.667\"><br \/>\n        <noscript><img decoding=\"async\" src=\"https:\/\/media.qdraw.nl\/log\/verdun-frankrijk-wat-je-moet-zien-in-2-dagen-2025\/500\/20250426_160115_dsc08790_e_kl.jpg\" alt=\"Rue des Hauts Fins\" \/><\/noscript><br \/>\n\t\t<img decoding=\"async\" src=\"data:image\/png;base64,iVBORw0KGgoAAAANSUhEUgAAAAQAAAADCAIAAAA7ljmRAAAAMklEQVR4AWN59OLVmUPb7t6&#x2B;oWTszrJw\/nSGv39Y2Lie3jzO8vvtw8&#x2B;\/\/\/ELiv57&#x2B;woAy6kXWWztPaMAAAAASUVORK5CYII=\" title=\"Rue des Hauts Fins | foto 23\" \n\t\t     alt=\"Verdun Frankrijk: Wat je moet zien in 2 dagen (2025) ; Rue des Hauts Fins ; Verdun, stad, Rue des Hauts Fins\" \/><br \/>\n    <\/a><br \/>\n<a href=\"https:\/\/media.qdraw.nl\/log\/verdun-frankrijk-wat-je-moet-zien-in-2-dagen-2025\/1000\/20250426_160554_dsc08798_e_kl1k.jpg\" class=\"lightbox[blog]\"\n       title=\"Verdun Frankrijk: Wat je moet zien in 2 dagen (2025) - Rue Mautrote | foto 24\"\n       data-gps=\"49.160564,5.381825\" data-heightratio=\"0.667\"><br \/>\n        <noscript><img decoding=\"async\" src=\"https:\/\/media.qdraw.nl\/log\/verdun-frankrijk-wat-je-moet-zien-in-2-dagen-2025\/500\/20250426_160554_dsc08798_e_kl.jpg\" alt=\"Rue Mautrote\" \/><\/noscript><br \/>\n\t\t<img decoding=\"async\" src=\"data:image\/png;base64,iVBORw0KGgoAAAANSUhEUgAAAAQAAAADCAIAAAA7ljmRAAAAMklEQVR4AWPJyIw3MVC9\/&#x2B;w7IyMLy\/sX9589\/PPozmNODgGWf18Zn9z78ePDr5f\/HgMAgXIXHRLbwXoAAAAASUVORK5CYII=\" title=\"Rue Mautrote | foto 24\" \n\t\t     alt=\"Verdun Frankrijk: Wat je moet zien in 2 dagen (2025) ; Rue Mautrote ; Verdun, stad, Rue Mautrote\" \/><br \/>\n    <\/a><br \/>\n<a href=\"https:\/\/media.qdraw.nl\/log\/verdun-frankrijk-wat-je-moet-zien-in-2-dagen-2025\/1000\/20250426_161719_dsc08809_e_kl1k.jpg\" class=\"lightbox[blog]\"\n       title=\"Verdun Frankrijk: Wat je moet zien in 2 dagen (2025) - Porte Chauss&#xE9;e | foto 25\"\n       data-gps=\"49.162294,5.387397\" data-heightratio=\"0.667\"><br \/>\n        <noscript><img decoding=\"async\" src=\"https:\/\/media.qdraw.nl\/log\/verdun-frankrijk-wat-je-moet-zien-in-2-dagen-2025\/500\/20250426_161719_dsc08809_e_kl.jpg\" alt=\"Porte Chauss&#xE9;e\" \/><\/noscript><br \/>\n\t\t<img decoding=\"async\" src=\"data:image\/png;base64,iVBORw0KGgoAAAANSUhEUgAAAAQAAAADCAIAAAA7ljmRAAAAMUlEQVR4AWOprSqWkZH9\/49BUEyc5dv3H&#x2B;9fP\/v\/n\/HXv\/8sMpLiP768ev3kLhOfBAB&#x2B;wRSYM2dERgAAAABJRU5ErkJggg==\" title=\"Porte Chauss&#xE9;e | foto 25\" \n\t\t     alt=\"Verdun Frankrijk: Wat je moet zien in 2 dagen (2025) ; Porte Chauss&#xE9;e ; Verdun, stad, Porte Chauss&#xE9;e\" \/><br \/>\n    <\/a><br \/>\n<a href=\"https:\/\/media.qdraw.nl\/log\/verdun-frankrijk-wat-je-moet-zien-in-2-dagen-2025\/1000\/20250426_161827_dsc08818_e_kl1k.jpg\" class=\"lightbox[blog]\"\n       title=\"Verdun Frankrijk: Wat je moet zien in 2 dagen (2025) - Porte Chauss&#xE9;e | foto 26\"\n       data-gps=\"49.162322,5.38745\" data-heightratio=\"0.667\"><br \/>\n        <noscript><img decoding=\"async\" src=\"https:\/\/media.qdraw.nl\/log\/verdun-frankrijk-wat-je-moet-zien-in-2-dagen-2025\/500\/20250426_161827_dsc08818_e_kl.jpg\" alt=\"Porte Chauss&#xE9;e\" \/><\/noscript><br \/>\n\t\t<img decoding=\"async\" src=\"data:image\/png;base64,iVBORw0KGgoAAAANSUhEUgAAAAQAAAADCAIAAAA7ljmRAAAAMklEQVR4AWNZtGIht4Temxfnf7\/7wHLp4vY\/R\/a9fHpZVUmPRUNW9\/H9x1\/YBN&#x2B;&#x2B;&#x2B;wwAvbgWo9VtAR8AAAAASUVORK5CYII=\" title=\"Porte Chauss&#xE9;e | foto 26\" \n\t\t     alt=\"Verdun Frankrijk: Wat je moet zien in 2 dagen (2025) ; Porte Chauss&#xE9;e ; Verdun, stad, roeien, Porte Chauss&#xE9;e\" \/><br \/>\n    <\/a><br \/>\n<a href=\"https:\/\/media.qdraw.nl\/log\/verdun-frankrijk-wat-je-moet-zien-in-2-dagen-2025\/1000\/20250426_165748_dsc08823_e_kl1k.jpg\" class=\"lightbox[blog]\"\n       title=\"Verdun Frankrijk: Wat je moet zien in 2 dagen (2025) - Cementerio militar de Faubourg-Pave | foto 27\"\n       data-gps=\"49.164036,5.404783\" data-heightratio=\"0.667\"><br \/>\n        <noscript><img decoding=\"async\" src=\"https:\/\/media.qdraw.nl\/log\/verdun-frankrijk-wat-je-moet-zien-in-2-dagen-2025\/500\/20250426_165748_dsc08823_e_kl.jpg\" alt=\"Cementerio militar de Faubourg-Pave\" \/><\/noscript><br \/>\n\t\t<img decoding=\"async\" src=\"data:image\/png;base64,iVBORw0KGgoAAAANSUhEUgAAAAQAAAADCAIAAAA7ljmRAAAAMUlEQVR4AWPpaKpT19YWVzG8cuo4y&#x2B;dPHx7dv\/P5y8&#x2B;XTx&#x2B;yvHr96vzFSyKC\/Jw8vACkuRVr0n\/&#x2B;gwAAAABJRU5ErkJggg==\" title=\"Cementerio militar de Faubourg-Pave | foto 27\" \n\t\t     alt=\"Verdun Frankrijk: Wat je moet zien in 2 dagen (2025) ; Cementerio militar de Faubourg-Pave ; Verdun, stad, Cementerio militar de Faubourg-Pave\" \/><br \/>\n    <\/a><br \/>\n<a href=\"https:\/\/media.qdraw.nl\/log\/verdun-frankrijk-wat-je-moet-zien-in-2-dagen-2025\/1000\/20250426_165906_dsc08831_e_kl1k.jpg\" class=\"lightbox[blog]\"\n       title=\"Verdun Frankrijk: Wat je moet zien in 2 dagen (2025) - Cementerio militar de Faubourg-Pave | foto 28\"\n       data-gps=\"49.164478,5.404886\" data-heightratio=\"0.667\"><br \/>\n        <noscript><img decoding=\"async\" src=\"https:\/\/media.qdraw.nl\/log\/verdun-frankrijk-wat-je-moet-zien-in-2-dagen-2025\/500\/20250426_165906_dsc08831_e_kl.jpg\" alt=\"Cementerio militar de Faubourg-Pave\" \/><\/noscript><br \/>\n\t\t<img decoding=\"async\" src=\"data:image\/png;base64,iVBORw0KGgoAAAANSUhEUgAAAAQAAAADCAIAAAA7ljmRAAAAMElEQVR4AWPJDLXnF&#x2B;OXFRNg&#x2B;vGJRVBE4vmjR\/xcAlySxixP79wQEuKW1jS&#x2B;fe0SANT0DJYlKJz2AAAAAElFTkSuQmCC\" title=\"Cementerio militar de Faubourg-Pave | foto 28\" \n\t\t     alt=\"Verdun Frankrijk: Wat je moet zien in 2 dagen (2025) ; Cementerio militar de Faubourg-Pave ; Verdun, stad, Cementerio militar de Faubourg-Pave\" \/><br \/>\n    <\/a><br \/>\n<a href=\"https:\/\/media.qdraw.nl\/log\/verdun-frankrijk-wat-je-moet-zien-in-2-dagen-2025\/1000\/20250426_165915_dsc08832_e2_kl1k.jpg\" class=\"lightbox[blog]\"\n       title=\"Verdun Frankrijk: Wat je moet zien in 2 dagen (2025) - Cementerio militar de Faubourg-Pave | foto 29\"\n       data-gps=\"49.164556,5.404942\" data-heightratio=\"0.667\"><br \/>\n        <noscript><img decoding=\"async\" src=\"https:\/\/media.qdraw.nl\/log\/verdun-frankrijk-wat-je-moet-zien-in-2-dagen-2025\/500\/20250426_165915_dsc08832_e2_kl.jpg\" alt=\"Cementerio militar de Faubourg-Pave\" \/><\/noscript><br \/>\n\t\t<img decoding=\"async\" src=\"data:image\/png;base64,iVBORw0KGgoAAAANSUhEUgAAAAQAAAADCAIAAAA7ljmRAAAAMklEQVR4AWNZtu0Y8\/8fLBx8nMx\/We6dWSMmLv\/xzcu3L1&#x2B;xvHn1UEZY5NGD2z&#x2B;&#x2B;\/wYAfjgV9W0EJ3kAAAAASUVORK5CYII=\" title=\"Cementerio militar de Faubourg-Pave | foto 29\" \n\t\t     alt=\"Verdun Frankrijk: Wat je moet zien in 2 dagen (2025) ; Cementerio militar de Faubourg-Pave ; Verdun, stad, Cementerio militar de Faubourg-Pave\" \/><br \/>\n    <\/a><br \/>\n<a href=\"https:\/\/media.qdraw.nl\/log\/verdun-frankrijk-wat-je-moet-zien-in-2-dagen-2025\/1000\/20250427_104250_dsc08849_e_kl1k.jpg\" class=\"lightbox[blog]\"\n       title=\"Verdun Frankrijk: Wat je moet zien in 2 dagen (2025) - Andre Maginot | foto 30\"\n       data-gps=\"49.186717,5.431386\" data-heightratio=\"0.667\"><br \/>\n        <noscript><img decoding=\"async\" src=\"https:\/\/media.qdraw.nl\/log\/verdun-frankrijk-wat-je-moet-zien-in-2-dagen-2025\/500\/20250427_104250_dsc08849_e_kl.jpg\" alt=\"Andre Maginot\" \/><\/noscript><br \/>\n\t\t<img decoding=\"async\" src=\"data:image\/png;base64,iVBORw0KGgoAAAANSUhEUgAAAAQAAAADCAIAAAA7ljmRAAAAMUlEQVR4AWPZc&#x2B;goAzs\/CzPDi9sXWF7fP\/bw6cvvn77&#x2B;&#x2B;vSehZPxtyQ3G7uY5LWrVwGHFRPdIGMXlwAAAABJRU5ErkJggg==\" title=\"Andre Maginot | foto 30\" \n\t\t     alt=\"Verdun Frankrijk: Wat je moet zien in 2 dagen (2025) ; Andre Maginot ; Andre Maginot, Verdun, stad, monument\" \/><br \/>\n    <\/a><br \/>\n<a href=\"https:\/\/media.qdraw.nl\/log\/verdun-frankrijk-wat-je-moet-zien-in-2-dagen-2025\/1000\/20250427_104446_dsc08859_e_kl1k.jpg\" class=\"lightbox[blog]\"\n       title=\"Verdun Frankrijk: Wat je moet zien in 2 dagen (2025) - Memorial de Verdun | foto 31\"\n       data-gps=\"49.195197,5.433975\" data-heightratio=\"0.667\"><br \/>\n        <noscript><img decoding=\"async\" src=\"https:\/\/media.qdraw.nl\/log\/verdun-frankrijk-wat-je-moet-zien-in-2-dagen-2025\/500\/20250427_104446_dsc08859_e_kl.jpg\" alt=\"Memorial de Verdun\" \/><\/noscript><br \/>\n\t\t<img decoding=\"async\" src=\"data:image\/png;base64,iVBORw0KGgoAAAANSUhEUgAAAAQAAAADCAIAAAA7ljmRAAAAMklEQVR4AWM5fe3usxevT199xfbzNcvmJdO\/fnzx7fs3JSkxlk\/P7wqLivFzc3PzCQIAAIYU7PirzRIAAAAASUVORK5CYII=\" title=\"Memorial de Verdun | foto 31\" \n\t\t     alt=\"Verdun Frankrijk: Wat je moet zien in 2 dagen (2025) ; Memorial de Verdun ; Ossuarium van Douaumont, Verdun, stad, Memorial de Verdun, Ossuaire de Douaumont, Cimetiere National de Douaumont\" \/><br \/>\n    <\/a><br \/>\n<a href=\"https:\/\/media.qdraw.nl\/log\/verdun-frankrijk-wat-je-moet-zien-in-2-dagen-2025\/1000\/20250427_105030_dsc08874_e_kl1k.jpg\" class=\"lightbox[blog]\"\n       title=\"Verdun Frankrijk: Wat je moet zien in 2 dagen (2025) - Ossuarium van Douaumont | foto 32\"\n       data-gps=\"49.207986,5.424103\" data-heightratio=\"0.667\"><br \/>\n        <noscript><img decoding=\"async\" src=\"https:\/\/media.qdraw.nl\/log\/verdun-frankrijk-wat-je-moet-zien-in-2-dagen-2025\/500\/20250427_105030_dsc08874_e_kl.jpg\" alt=\"Ossuarium van Douaumont\" \/><\/noscript><br \/>\n\t\t<img decoding=\"async\" src=\"data:image\/png;base64,iVBORw0KGgoAAAANSUhEUgAAAAQAAAADCAIAAAA7ljmRAAAAMklEQVR4AWOZvO3eyxefvr649JuJjeXxhfU\/vrx68\/DQXzYJlk\/Pd\/z5\/UVHS5vpHxcADGgYkiFgsskAAAAASUVORK5CYII=\" title=\"Ossuarium van Douaumont | foto 32\" \n\t\t     alt=\"Verdun Frankrijk: Wat je moet zien in 2 dagen (2025) ; Ossuarium van Douaumont ; Ossuarium van Douaumont, Verdun, stad, Ossuaire de Douaumont, Cimetiere National de Douaumont\" \/><br \/>\n    <\/a><br \/>\n<a href=\"https:\/\/media.qdraw.nl\/log\/verdun-frankrijk-wat-je-moet-zien-in-2-dagen-2025\/1000\/20250427_105153_dsc08886_e_kl1k.jpg\" class=\"lightbox[blog]\"\n       title=\"Verdun Frankrijk: Wat je moet zien in 2 dagen (2025) - Ossuarium van Douaumont | foto 33\"\n       data-gps=\"49.207756,5.424328\" data-heightratio=\"0.667\"><br \/>\n        <noscript><img decoding=\"async\" src=\"https:\/\/media.qdraw.nl\/log\/verdun-frankrijk-wat-je-moet-zien-in-2-dagen-2025\/500\/20250427_105153_dsc08886_e_kl.jpg\" alt=\"Ossuarium van Douaumont\" \/><\/noscript><br \/>\n\t\t<img decoding=\"async\" src=\"data:image\/png;base64,iVBORw0KGgoAAAANSUhEUgAAAAQAAAADCAIAAAA7ljmRAAAAMElEQVR4AWNhZmVg&#x2B;s3zl&#x2B;HbPyZmFlaGmIgoT2u&#x2B;FZOX7mHhYRW4fX0XI88LFT5OAOPfDBLkyoojAAAAAElFTkSuQmCC\" title=\"Ossuarium van Douaumont | foto 33\" \n\t\t     alt=\"Verdun Frankrijk: Wat je moet zien in 2 dagen (2025) ; Ossuarium van Douaumont ; Ossuarium van Douaumont, Verdun, stad, Ossuaire de Douaumont, Cimetiere National de Douaumont\" \/><br \/>\n    <\/a><br \/>\n<a href=\"https:\/\/media.qdraw.nl\/log\/verdun-frankrijk-wat-je-moet-zien-in-2-dagen-2025\/1000\/20250427_105201_dsc08889_e_kl1k.jpg\" class=\"lightbox[blog]\"\n       title=\"Verdun Frankrijk: Wat je moet zien in 2 dagen (2025) - Ossuarium van Douaumont | foto 34\"\n       data-gps=\"49.207683,5.424158\" data-heightratio=\"0.667\"><br \/>\n        <noscript><img decoding=\"async\" src=\"https:\/\/media.qdraw.nl\/log\/verdun-frankrijk-wat-je-moet-zien-in-2-dagen-2025\/500\/20250427_105201_dsc08889_e_kl.jpg\" alt=\"Ossuarium van Douaumont\" \/><\/noscript><br \/>\n\t\t<img decoding=\"async\" src=\"data:image\/png;base64,iVBORw0KGgoAAAANSUhEUgAAAAQAAAADCAIAAAA7ljmRAAAAMUlEQVR4AWM5efXRh8&#x2B;f2Fg4vnz9ybJy7bRTZzc6Gocx\/WVkYf7xX4FP9\/&#x2B;3b4zszACykROforXfywAAAABJRU5ErkJggg==\" title=\"Ossuarium van Douaumont | foto 34\" \n\t\t     alt=\"Verdun Frankrijk: Wat je moet zien in 2 dagen (2025) ; Ossuarium van Douaumont ; Ossuarium van Douaumont, Verdun, stad, Ossuaire de Douaumont, Cimetiere National de Douaumont\" \/><br \/>\n    <\/a><br \/>\n<a href=\"https:\/\/media.qdraw.nl\/log\/verdun-frankrijk-wat-je-moet-zien-in-2-dagen-2025\/1000\/20250427_105305_dsc08893_e_kl1k.jpg\" class=\"lightbox[blog]\"\n       title=\"Verdun Frankrijk: Wat je moet zien in 2 dagen (2025) - Cimetiere National de Douaumont | foto 35\"\n       data-gps=\"49.207558,5.423686\" data-heightratio=\"0.667\"><br \/>\n        <noscript><img decoding=\"async\" src=\"https:\/\/media.qdraw.nl\/log\/verdun-frankrijk-wat-je-moet-zien-in-2-dagen-2025\/500\/20250427_105305_dsc08893_e_kl.jpg\" alt=\"Cimetiere National de Douaumont\" \/><\/noscript><br \/>\n\t\t<img decoding=\"async\" src=\"data:image\/png;base64,iVBORw0KGgoAAAANSUhEUgAAAAQAAAADCAIAAAA7ljmRAAAAMklEQVR4AWPpnLFMT9dUVFToy&#x2B;c3LLfO7vn8&#x2B;s6Pn98&#x2B;v\/3IIiMlf\/\/ezV9\/\/ogJSQIApWEWZldgeN0AAAAASUVORK5CYII=\" title=\"Cimetiere National de Douaumont | foto 35\" \n\t\t     alt=\"Verdun Frankrijk: Wat je moet zien in 2 dagen (2025) ; Cimetiere National de Douaumont ; Ossuarium van Douaumont, Verdun, stad, Ossuaire de Douaumont, Cimetiere National de Douaumont\" \/><br \/>\n    <\/a><br \/>\n<a href=\"https:\/\/media.qdraw.nl\/log\/verdun-frankrijk-wat-je-moet-zien-in-2-dagen-2025\/1000\/20250427_105714_dsc08904_e_kl1k.jpg\" class=\"lightbox[blog]\"\n       title=\"Verdun Frankrijk: Wat je moet zien in 2 dagen (2025) - Ossuarium van Douaumont | foto 36\"\n       data-gps=\"49.208456,5.425822\" data-heightratio=\"0.667\"><br \/>\n        <noscript><img decoding=\"async\" src=\"https:\/\/media.qdraw.nl\/log\/verdun-frankrijk-wat-je-moet-zien-in-2-dagen-2025\/500\/20250427_105714_dsc08904_e_kl.jpg\" alt=\"Ossuarium van Douaumont\" \/><\/noscript><br \/>\n\t\t<img decoding=\"async\" src=\"data:image\/png;base64,iVBORw0KGgoAAAANSUhEUgAAAAQAAAADCAIAAAA7ljmRAAAAMUlEQVR4AWO5fPv1j5&#x2B;\/OJkYmJkZWWZMqRQXkGbh4BYSFme5cfvqG\/4XPILSL149AwAqUA84BnFhEQAAAABJRU5ErkJggg==\" title=\"Ossuarium van Douaumont | foto 36\" \n\t\t     alt=\"Verdun Frankrijk: Wat je moet zien in 2 dagen (2025) ; Ossuarium van Douaumont ; Ossuarium van Douaumont, Verdun, stad, Ossuaire de Douaumont, Cimetiere National de Douaumont\" \/><br \/>\n    <\/a><br \/>\n<a href=\"https:\/\/media.qdraw.nl\/log\/verdun-frankrijk-wat-je-moet-zien-in-2-dagen-2025\/1000\/20250427_105852_dsc08912_e_kl1k.jpg\" class=\"lightbox[blog]\"\n       title=\"Verdun Frankrijk: Wat je moet zien in 2 dagen (2025) - Ossuarium van Douaumont | foto 37\"\n       data-gps=\"49.208408,5.426708\" data-heightratio=\"0.667\"><br \/>\n        <noscript><img decoding=\"async\" src=\"https:\/\/media.qdraw.nl\/log\/verdun-frankrijk-wat-je-moet-zien-in-2-dagen-2025\/500\/20250427_105852_dsc08912_e_kl.jpg\" alt=\"Ossuarium van Douaumont\" \/><\/noscript><br \/>\n\t\t<img decoding=\"async\" src=\"data:image\/png;base64,iVBORw0KGgoAAAANSUhEUgAAAAQAAAADCAIAAAA7ljmRAAAAMUlEQVR4AWPZsu3g5z\/vf\/36piQjy7JoQeP7D5&#x2B;EJFXEJEVYvv3nldS3kxTit9I3AACj0xDc6WyPlQAAAABJRU5ErkJggg==\" title=\"Ossuarium van Douaumont | foto 37\" \n\t\t     alt=\"Verdun Frankrijk: Wat je moet zien in 2 dagen (2025) ; Ossuarium van Douaumont ; Ossuarium van Douaumont, Verdun, stad, Ossuaire de Douaumont, Cimetiere National de Douaumont\" \/><br \/>\n    <\/a><br \/>\n<a href=\"https:\/\/media.qdraw.nl\/log\/verdun-frankrijk-wat-je-moet-zien-in-2-dagen-2025\/1000\/20250427_110548_dsc08924_e_kl1k.jpg\" class=\"lightbox[blog]\"\n       title=\"Verdun Frankrijk: Wat je moet zien in 2 dagen (2025) - Ossuarium van Douaumont | foto 38\"\n       data-gps=\"49.207658,5.423414\" data-heightratio=\"0.667\"><br \/>\n        <noscript><img decoding=\"async\" src=\"https:\/\/media.qdraw.nl\/log\/verdun-frankrijk-wat-je-moet-zien-in-2-dagen-2025\/500\/20250427_110548_dsc08924_e_kl.jpg\" alt=\"Ossuarium van Douaumont\" \/><\/noscript><br \/>\n\t\t<img decoding=\"async\" src=\"data:image\/png;base64,iVBORw0KGgoAAAANSUhEUgAAAAQAAAADCAIAAAA7ljmRAAAAMklEQVR4AWPZc\/w8w\/\/\/DH9&#x2B;cfMLsWxeMYOdheXZo4esHLwsz778&#x2B;P\/\/\/62Hd988fQYAhVYWYnaLOQUAAAAASUVORK5CYII=\" title=\"Ossuarium van Douaumont | foto 38\" \n\t\t     alt=\"Verdun Frankrijk: Wat je moet zien in 2 dagen (2025) ; Ossuarium van Douaumont ; Ossuarium van Douaumont, Verdun, stad, Ossuaire de Douaumont, Cimetiere National de Douaumont\" \/><br \/>\n    <\/a><\/p>\n","protected":false},"excerpt":{"rendered":"Soms wil je even weg, niet voor de drukte of de zon, maar om ergens te zijn waar de geschiedenis tastbaar is. Waar je kunt dwalen, leren, proeven en stilstaan. Verdun is zo&#8217;n plek. Bekend van de Eerste Wereldoorlog, maar als stad zoveel meer dan alleen dat. In \u00e9\u00e9n weekend maakten we een wandeling door&#8230; <a class=\"view-article\" href=\"https:\/\/qdraw.nl\/blog\/europa\/verdun-frankrijk-wat-je-moet-zien-in-2-dagen-2025\/\">Bekijk artikel<\/a>","protected":false},"author":2,"featured_media":9139,"comment_status":"closed","ping_status":"open","sticky":false,"template":"","format":"standard","meta":{"footnotes":""},"categories":[324],"tags":[2738,969,2413,2962],"class_list":["post-9135","post","type-post","status-publish","format-standard","has-post-thumbnail","hentry","category-europa","tag-citytrip","tag-eerste-wereldoorlog","tag-frankrijk","tag-verdun"],"_links":{"self":[{"href":"https:\/\/qdraw.nl\/blog\/wp-json\/wp\/v2\/posts\/9135","targetHints":{"allow":["GET"]}}],"collection":[{"href":"https:\/\/qdraw.nl\/blog\/wp-json\/wp\/v2\/posts"}],"about":[{"href":"https:\/\/qdraw.nl\/blog\/wp-json\/wp\/v2\/types\/post"}],"author":[{"embeddable":true,"href":"https:\/\/qdraw.nl\/blog\/wp-json\/wp\/v2\/users\/2"}],"replies":[{"embeddable":true,"href":"https:\/\/qdraw.nl\/blog\/wp-json\/wp\/v2\/comments?post=9135"}],"version-history":[{"count":0,"href":"https:\/\/qdraw.nl\/blog\/wp-json\/wp\/v2\/posts\/9135\/revisions"}],"wp:featuredmedia":[{"embeddable":true,"href":"https:\/\/qdraw.nl\/blog\/wp-json\/wp\/v2\/media\/9139"}],"wp:attachment":[{"href":"https:\/\/qdraw.nl\/blog\/wp-json\/wp\/v2\/media?parent=9135"}],"wp:term":[{"taxonomy":"category","embeddable":true,"href":"https:\/\/qdraw.nl\/blog\/wp-json\/wp\/v2\/categories?post=9135"},{"taxonomy":"post_tag","embeddable":true,"href":"https:\/\/qdraw.nl\/blog\/wp-json\/wp\/v2\/tags?post=9135"}],"curies":[{"name":"wp","href":"https:\/\/api.w.org\/{rel}","templated":true}]}}